{"id":1807,"date":"2020-03-02T08:43:30","date_gmt":"2020-03-02T11:43:30","guid":{"rendered":"https:\/\/www.robertonovaes.com.br\/?p=1807"},"modified":"2020-03-02T09:34:17","modified_gmt":"2020-03-02T12:34:17","slug":"calendario-de-aulas-2020-01-instituicoes-de-direito-romano","status":"publish","type":"post","link":"https:\/\/www.robertonovaes.com.br\/index.php\/2020\/03\/02\/calendario-de-aulas-2020-01-instituicoes-de-direito-romano\/","title":{"rendered":"Calend\u00e1rio de Aulas &#8211; 2020\/01 &#8211; Institui\u00e7\u00f5es de Direito Romano"},"content":{"rendered":"\n<h3 class=\"wp-block-heading\">Hor\u00e1rio e local de realiza\u00e7\u00e3o das aulas<\/h3>\n\n\n\n<p class=\"wp-block-paragraph\">As aulas ser\u00e3o realizadas \u00e0s <strong>segundas-feiras<\/strong>, em 4 turmas, nos turnos da manh\u00e3 (7:30-9:10 e 9:30-11:10) e noite (19:00-20:40 e 20:50-22:30), na Faculdade de Direito da UFMG. Av. Jo\u00e3o Pinheiro, 100 \u2013 Centro \u2013 BH\/MG<\/p>\n\n\n\n<figure class=\"wp-block-table\"><table><tbody><tr><td>N<\/td><td>Data<\/td><td>T\u00edtulo<\/td><\/tr><tr><td>1<\/td><td>03\/03<\/td><td>Apresenta\u00e7\u00e3o da disciplina e regras do semestre<\/td><\/tr><tr><td>2<\/td><td>10\/03<\/td><td><a href=\"https:\/\/www.robertonovaes.com.br\/index.php\/2020\/03\/02\/e-importante-estudar-direito-romano-instituicoes-de-direito-romano\/\" target=\"_blank\" rel=\"noreferrer noopener\">\u00c9 importante estudar Direito Romano?<\/a><\/td><\/tr><tr><td>3<\/td><td>17\/03<\/td><td>Transplantes Legais<\/td><\/tr><tr><td>4<\/td><td>24\/03<\/td><td>Transplantes Legais &#8211; Cr\u00edtica<a href=\"https:\/\/www.robertonovaes.com.br\/index.php\/2018\/08\/29\/aula-04-fontes-historicas-do-direito-romano-instituicoes-de-direito-romano\/\"><\/a><\/td><\/tr><tr><td>5<\/td><td>31\/03<\/td><td>1a Prova<\/td><\/tr><tr><td>6<\/td><td>07\/04<\/td><td><a href=\"https:\/\/www.robertonovaes.com.br\/index.php\/2018\/08\/18\/aula-02-historia-interna-e-historia-externa-periodizacao-instituicoes-de-direito-romano\/\">Hist\u00f3ria interna e hist\u00f3ria externa &#8211; periodiza\u00e7\u00e3o<\/a><\/td><\/tr><tr><td>7<\/td><td>14\/04<\/td><td>Hist\u00f3ria da Vida Privada &#8211; A sociedade Romana<\/td><\/tr><tr><td>8<\/td><td>28\/04<\/td><td><a href=\"https:\/\/www.robertonovaes.com.br\/index.php\/2018\/08\/29\/conceitos-de-direito-romano-instituicoes-de-direito-romano\/\">Conceitos de Direito Romano<\/a><\/td><\/tr><tr><td>9<\/td><td>05\/05<\/td><td><a rel=\"noreferrer noopener\" href=\"https:\/\/www.robertonovaes.com.br\/index.php\/2018\/08\/29\/aula-04-fontes-do-direito-romano-instituicoes-de-direito-romano\/\" target=\"_blank\">Fontes do Direito Romano<\/a><\/td><\/tr><tr><td>10<\/td><td>12\/05<\/td><td><strong>2a Prova &#8211; 30 pts<\/strong><\/td><\/tr><tr><td>11<\/td><td>19\/05<\/td><td><a href=\"https:\/\/www.robertonovaes.com.br\/index.php\/2019\/10\/07\/direto-das-obrigacoes\/\"><a href=\"https:\/\/www.robertonovaes.com.br\/index.php\/2019\/03\/10\/o-corpus-juris-civilis-instituicoes-de-direito-romano\/\">O Corpus Juris Civilis<\/a><\/a><\/td><\/tr><tr><td>12<\/td><td>02\/06<\/td><td><a href=\"https:\/\/www.robertonovaes.com.br\/index.php\/2018\/10\/10\/pessoa-natural-existencia-e-personalidade-instituicoes-de-direito-romano\/\">Pessoa Natural &#8211; Exist\u00eancia, Personalidade<\/a><\/td><\/tr><tr><td>13<\/td><td>09\/06<\/td><td><a rel=\"noreferrer noopener\" aria-label=\"Direito das Sucess\u00f5es (abre em uma nova aba)\" href=\"https:\/\/www.robertonovaes.com.br\/index.php\/2019\/10\/07\/direito-das-sucessoes-instituicoes-de-direito-romano\/\" target=\"_blank\"><a href=\"https:\/\/www.robertonovaes.com.br\/index.php\/2019\/04\/21\/familia-romana-nocoes-de-antropologia-do-parentesco-instituicoes-de-direito-romano\/\">Fam\u00edlia Romana &#8211; No\u00e7\u00f5es de Antropologia do Parentesco<\/a><\/a><\/td><\/tr><tr><td>14<\/td><td>16\/06<\/td><td><strong>Prova&nbsp;Final&nbsp;&#8211;&nbsp;40&nbsp;pts<\/strong><\/td><\/tr><tr><td>15<\/td><td>23\/06<\/td><td><strong>Exame Especial&nbsp;&#8211;&nbsp;<\/strong>09:00 (Manh\u00e3) &#8211; 19:00 (Noite)<\/td><\/tr><\/tbody><\/table><\/figure>\n\n\n\n<p class=\"wp-block-paragraph\"><\/p>\n","protected":false},"excerpt":{"rendered":"<p>Hor\u00e1rio e local de realiza\u00e7\u00e3o das aulas As aulas ser\u00e3o realizadas \u00e0s segundas-feiras, em 4 turmas, nos turnos da manh\u00e3 (7:30-9:10 e 9:30-11:10) e noite (19:00-20:40 e 20:50-22:30), na Faculdade de Direito da UFMG. Av. Jo\u00e3o Pinheiro, 100 \u2013 Centro \u2013 BH\/MG N Data T\u00edtulo 1 03\/03 Apresenta\u00e7\u00e3o da disciplina e regras do semestre 2 [&hellip;]<\/p>\n","protected":false},"author":1,"featured_media":864,"comment_status":"closed","ping_status":"closed","sticky":false,"template":"","format":"standard","meta":{"_crdt_document":"","site-sidebar-layout":"default","site-content-layout":"","ast-site-content-layout":"default","site-content-style":"default","site-sidebar-style":"default","ast-global-header-display":"","ast-banner-title-visibility":"","ast-main-header-display":"","ast-hfb-above-header-display":"","ast-hfb-below-header-display":"","ast-hfb-mobile-header-display":"","site-post-title":"","ast-breadcrumbs-content":"","ast-featured-img":"","footer-sml-layout":"","ast-disable-related-posts":"","theme-transparent-header-meta":"","adv-header-id-meta":"","stick-header-meta":"","header-above-stick-meta":"","header-main-stick-meta":"","header-below-stick-meta":"","astra-migrate-meta-layouts":"default","ast-page-background-enabled":"default","ast-page-background-meta":{"desktop":{"background-color":"","background-image":"","background-repeat":"repeat","background-position":"center center","background-size":"auto","background-attachment":"scroll","background-type":"","background-media":"","overlay-type":"","overlay-color":"","overlay-opacity":"","overlay-gradient":""},"tablet":{"background-color":"","background-image":"","background-repeat":"repeat","background-position":"center center","background-size":"auto","background-attachment":"scroll","background-type":"","background-media":"","overlay-type":"","overlay-color":"","overlay-opacity":"","overlay-gradient":""},"mobile":{"background-color":"","background-image":"","background-repeat":"repeat","background-position":"center center","background-size":"auto","background-attachment":"scroll","background-type":"","background-media":"","overlay-type":"","overlay-color":"","overlay-opacity":"","overlay-gradient":""}},"ast-content-background-meta":{"desktop":{"background-color":"var(--ast-global-color-5)","background-image":"","background-repeat":"repeat","background-position":"center center","background-size":"auto","background-attachment":"scroll","background-type":"","background-media":"","overlay-type":"","overlay-color":"","overlay-opacity":"","overlay-gradient":""},"tablet":{"background-color":"var(--ast-global-color-5)","background-image":"","background-repeat":"repeat","background-position":"center center","background-size":"auto","background-attachment":"scroll","background-type":"","background-media":"","overlay-type":"","overlay-color":"","overlay-opacity":"","overlay-gradient":""},"mobile":{"background-color":"var(--ast-global-color-5)","background-image":"","background-repeat":"repeat","background-position":"center center","background-size":"auto","background-attachment":"scroll","background-type":"","background-media":"","overlay-type":"","overlay-color":"","overlay-opacity":"","overlay-gradient":""}},"footnotes":""},"categories":[4],"tags":[59,42],"class_list":["post-1807","post","type-post","status-publish","format-standard","has-post-thumbnail","hentry","category-direito-romano","tag-2019-01","tag-direito-romano"],"_links":{"self":[{"href":"https:\/\/www.robertonovaes.com.br\/index.php\/wp-json\/wp\/v2\/posts\/1807","targetHints":{"allow":["GET"]}}],"collection":[{"href":"https:\/\/www.robertonovaes.com.br\/index.php\/wp-json\/wp\/v2\/posts"}],"about":[{"href":"https:\/\/www.robertonovaes.com.br\/index.php\/wp-json\/wp\/v2\/types\/post"}],"author":[{"embeddable":true,"href":"https:\/\/www.robertonovaes.com.br\/index.php\/wp-json\/wp\/v2\/users\/1"}],"replies":[{"embeddable":true,"href":"https:\/\/www.robertonovaes.com.br\/index.php\/wp-json\/wp\/v2\/comments?post=1807"}],"version-history":[{"count":4,"href":"https:\/\/www.robertonovaes.com.br\/index.php\/wp-json\/wp\/v2\/posts\/1807\/revisions"}],"predecessor-version":[{"id":1828,"href":"https:\/\/www.robertonovaes.com.br\/index.php\/wp-json\/wp\/v2\/posts\/1807\/revisions\/1828"}],"wp:featuredmedia":[{"embeddable":true,"href":"https:\/\/www.robertonovaes.com.br\/index.php\/wp-json\/wp\/v2\/media\/864"}],"wp:attachment":[{"href":"https:\/\/www.robertonovaes.com.br\/index.php\/wp-json\/wp\/v2\/media?parent=1807"}],"wp:term":[{"taxonomy":"category","embeddable":true,"href":"https:\/\/www.robertonovaes.com.br\/index.php\/wp-json\/wp\/v2\/categories?post=1807"},{"taxonomy":"post_tag","embeddable":true,"href":"https:\/\/www.robertonovaes.com.br\/index.php\/wp-json\/wp\/v2\/tags?post=1807"}],"curies":[{"name":"wp","href":"https:\/\/api.w.org\/{rel}","templated":true}]}}