{"id":1885,"date":"2020-07-05T15:52:42","date_gmt":"2020-07-05T18:52:42","guid":{"rendered":"https:\/\/www.robertonovaes.com.br\/?p=1885"},"modified":"2020-07-05T15:55:08","modified_gmt":"2020-07-05T18:55:08","slug":"judiciario-mineiro-e-ufmg-celebram-acordo","status":"publish","type":"post","link":"https:\/\/www.robertonovaes.com.br\/index.php\/2020\/07\/05\/judiciario-mineiro-e-ufmg-celebram-acordo\/","title":{"rendered":"Judici\u00e1rio mineiro e UFMG celebram acordo"},"content":{"rendered":"\n<h3 class=\"wp-block-heading\">Parceria envolve campos de interesse comum: o Direito e a Ci\u00eancia da Computa\u00e7\u00e3o<\/h3>\n\n\n\n<p class=\"wp-block-paragraph\">O Tribunal de Justi\u00e7a de Minas Gerais (TJMG) e a Universidade Federal de Minas Gerais (UFMG) firmaram na quarta-feira (1\u00ba\/07) um protocolo de inten\u00e7\u00f5es que envolve coopera\u00e7\u00e3o em campos de interesse comum: o Direito e a Ci\u00eancia da Computa\u00e7\u00e3o. O ato foi o \u00faltimo do desembargador Nelson Missais de Morais como chefe do Judici\u00e1rio mineiro.<\/p>\n\n\n\n<p class=\"wp-block-paragraph\">A cerim\u00f4nia que selou o acordo foi realizada de forma remota, por meio de videoconfer\u00eancia, e reuniu o desembargador Nelson Missias, a reitora da UFMG, Sandra Regina Goulart Almeida, e outros representantes do Judici\u00e1rio mineiro e da universidade.<\/p>\n\n\n\n<p class=\"wp-block-paragraph\">Durante a reuni\u00e3o, o desembargador Nelson Missias de Morais ressaltou que o Processo Judicial eletr\u00f4nico (PJe) j\u00e1 se encontra instalado nas 297 comarcas mineiras, mas que \u00e9 preciso avan\u00e7ar mais e tornar mais criativa a presta\u00e7\u00e3o dos servi\u00e7os jurisdicionais remotos.<\/p>\n\n\n\n<p class=\"wp-block-paragraph\">\u201cO conhecimento produzido na UFMG ser\u00e1 fundamental para a melhoria dos mecanismos do Tribunal relacionados \u00e0 tecnologia da informa\u00e7\u00e3o. Somos cada vez mais parceiros da universidade, da ci\u00eancia e da educa\u00e7\u00e3o\u201d, declarou.<\/p>\n\n\n\n<p class=\"wp-block-paragraph\">A reitora destacou que o protocolo \u00e9 mais um passo importante da parceria, que vem sendo \u201cespecialmente prof\u00edcua\u201d, com o TJMG. \u201cCompartilhamos o compromisso com a educa\u00e7\u00e3o e a ci\u00eancia, e a UFMG est\u00e1, como sempre, \u00e0 disposi\u00e7\u00e3o para contribuir para o bem-estar da popula\u00e7\u00e3o de Minas\u201d, disse a reitora.<\/p>\n\n\n\n<div class=\"wp-block-image is-style-default\"><figure class=\"aligncenter size-large\"><img loading=\"lazy\" decoding=\"async\" width=\"712\" height=\"474\" src=\"https:\/\/www.robertonovaes.com.br\/wp-content\/uploads\/2020\/07\/tj-nelson-video.jpg\" alt=\"\" class=\"wp-image-1877\" srcset=\"https:\/\/www.robertonovaes.com.br\/wp-content\/uploads\/2020\/07\/tj-nelson-video.jpg 712w, https:\/\/www.robertonovaes.com.br\/wp-content\/uploads\/2020\/07\/tj-nelson-video-300x200.jpg 300w\" sizes=\"auto, (max-width: 712px) 100vw, 712px\" \/><figcaption>A reitora Sandra Regina Goulart Almeida, durante a videoconfer\u00eancia que marcou a celebra\u00e7\u00e3o do acordo<br><\/figcaption><\/figure><\/div>\n\n\n\n<h3 class=\"wp-block-heading\">Esfor\u00e7o conjunto<\/h3>\n\n\n\n<p class=\"wp-block-paragraph\">O <a href=\"https:\/\/www.robertonovaes.com.br\/wp-content\/uploads\/2020\/07\/protocolo-intencoes-dcc-tjmg-fdufmg.pdf\" target=\"_blank\" rel=\"noreferrer noopener\">protocolo de inten\u00e7\u00f5es<\/a> prev\u00ea o esfor\u00e7o conjunto da UFMG e do Tribunal de Justi\u00e7a para o desenvolvimento de projetos de ensino em temas de ciberdireito, direito computacional e ci\u00eancia da informa\u00e7\u00e3o, oferta de disciplinas e cursos conjuntos e programas de imers\u00e3o para capacitar os profissionais do TJMG na an\u00e1lise de dados.<\/p>\n\n\n\n<p class=\"wp-block-paragraph\">Na \u00e1rea da pesquisa e da inova\u00e7\u00e3o, o acordo prev\u00ea constru\u00e7\u00e3o de bases de dados jur\u00eddicas, operacionaliza\u00e7\u00e3o de grupos de estudos, transfer\u00eancia tecnol\u00f3gica, promo\u00e7\u00e3o de eventos de dissemina\u00e7\u00e3o dos conhecimentos produzidos pela parceria e fomento de a\u00e7\u00f5es de empreendedorismo.<\/p>\n\n\n\n<p class=\"wp-block-paragraph\">Participaram da videoconfer\u00eancia, da sede do TJMG, o desembargador Nelson Missias de Morais; os ju\u00edzes Delvan Barcelos J\u00fanior, Jair Francisco dos Santos, Luiz Carlos Rezende e Santos, Ruy de Almeida Magalh\u00e3es e Rosimere das Gra\u00e7as do Couto; e o diretor de Inform\u00e1tica, Ant\u00f4nio Rolla.<\/p>\n\n\n\n<div class=\"wp-block-image is-style-default\"><figure class=\"aligncenter size-large\"><img loading=\"lazy\" decoding=\"async\" width=\"712\" height=\"474\" src=\"https:\/\/www.robertonovaes.com.br\/wp-content\/uploads\/2020\/07\/tj-nelson-messias.jpg\" alt=\"\" class=\"wp-image-1878\" srcset=\"https:\/\/www.robertonovaes.com.br\/wp-content\/uploads\/2020\/07\/tj-nelson-messias.jpg 712w, https:\/\/www.robertonovaes.com.br\/wp-content\/uploads\/2020\/07\/tj-nelson-messias-300x200.jpg 300w\" sizes=\"auto, (max-width: 712px) 100vw, 712px\" \/><figcaption>Na sede do TJMG, participaram da reuni\u00e3o o desembargador Nelson Missias (C), ainda como presidente, ju\u00edzes e o diretor de inform\u00e1tica da Casa<\/figcaption><\/figure><\/div>\n\n\n\n<p class=\"wp-block-paragraph\">Pela UFMG, al\u00e9m da reitora Sandra Regina Goulart Almeida, participaram o diretor da Faculdade de Direito, professor Hermes Vilchez Guerrero; o chefe do Departamento de Ci\u00eancia da Computa\u00e7\u00e3o, professor Wagner Meira J\u00fanior; o professor da Faculdade de Direito Roberto Novaes; e o chefe de gabinete da Reitoria, Rui Rothe-Neves.<\/p>\n\n\n\n<p class=\"wp-block-paragraph\">Fonte: <a href=\"https:\/\/www.tjmg.jus.br\/portal-tjmg\/noticias\/judiciario-mineiro-e-ufmg-celebram-acordo-8A80BCE6724D36AA0173106DF090007C.htm#.XwIcD3VKiV5\">https:\/\/www.tjmg.jus.br\/portal-tjmg\/noticias\/judiciario-mineiro-e-ufmg-celebram-acordo-8A80BCE6724D36AA0173106DF090007C.htm#.XwIcD3VKiV5<\/a><\/p>\n","protected":false},"excerpt":{"rendered":"<p>Judici\u00e1rio mineiro e UFMG celebram acordo &#8211; Parceria envolve campos de interesse comum: o Direito e a Ci\u00eancia da Computa\u00e7\u00e3o<\/p>\n","protected":false},"author":1,"featured_media":1878,"comment_status":"closed","ping_status":"closed","sticky":false,"template":"","format":"standard","meta":{"_crdt_document":"","site-sidebar-layout":"default","site-content-layout":"default","ast-site-content-layout":"default","site-content-style":"default","site-sidebar-style":"default","ast-global-header-display":"","ast-banner-title-visibility":"","ast-main-header-display":"","ast-hfb-above-header-display":"","ast-hfb-below-header-display":"","ast-hfb-mobile-header-display":"","site-post-title":"","ast-breadcrumbs-content":"","ast-featured-img":"","footer-sml-layout":"","ast-disable-related-posts":"","theme-transparent-header-meta":"default","adv-header-id-meta":"","stick-header-meta":"","header-above-stick-meta":"","header-main-stick-meta":"","header-below-stick-meta":"","astra-migrate-meta-layouts":"default","ast-page-background-enabled":"default","ast-page-background-meta":{"desktop":{"background-color":"","background-image":"","background-repeat":"repeat","background-position":"center center","background-size":"auto","background-attachment":"scroll","background-type":"","background-media":"","overlay-type":"","overlay-color":"","overlay-opacity":"","overlay-gradient":""},"tablet":{"background-color":"","background-image":"","background-repeat":"repeat","background-position":"center center","background-size":"auto","background-attachment":"scroll","background-type":"","background-media":"","overlay-type":"","overlay-color":"","overlay-opacity":"","overlay-gradient":""},"mobile":{"background-color":"","background-image":"","background-repeat":"repeat","background-position":"center center","background-size":"auto","background-attachment":"scroll","background-type":"","background-media":"","overlay-type":"","overlay-color":"","overlay-opacity":"","overlay-gradient":""}},"ast-content-background-meta":{"desktop":{"background-color":"var(--ast-global-color-5)","background-image":"","background-repeat":"repeat","background-position":"center center","background-size":"auto","background-attachment":"scroll","background-type":"","background-media":"","overlay-type":"","overlay-color":"","overlay-opacity":"","overlay-gradient":""},"tablet":{"background-color":"var(--ast-global-color-5)","background-image":"","background-repeat":"repeat","background-position":"center center","background-size":"auto","background-attachment":"scroll","background-type":"","background-media":"","overlay-type":"","overlay-color":"","overlay-opacity":"","overlay-gradient":""},"mobile":{"background-color":"var(--ast-global-color-5)","background-image":"","background-repeat":"repeat","background-position":"center center","background-size":"auto","background-attachment":"scroll","background-type":"","background-media":"","overlay-type":"","overlay-color":"","overlay-opacity":"","overlay-gradient":""}},"footnotes":""},"categories":[77],"tags":[],"class_list":["post-1885","post","type-post","status-publish","format-standard","has-post-thumbnail","hentry","category-noticias"],"_links":{"self":[{"href":"https:\/\/www.robertonovaes.com.br\/index.php\/wp-json\/wp\/v2\/posts\/1885","targetHints":{"allow":["GET"]}}],"collection":[{"href":"https:\/\/www.robertonovaes.com.br\/index.php\/wp-json\/wp\/v2\/posts"}],"about":[{"href":"https:\/\/www.robertonovaes.com.br\/index.php\/wp-json\/wp\/v2\/types\/post"}],"author":[{"embeddable":true,"href":"https:\/\/www.robertonovaes.com.br\/index.php\/wp-json\/wp\/v2\/users\/1"}],"replies":[{"embeddable":true,"href":"https:\/\/www.robertonovaes.com.br\/index.php\/wp-json\/wp\/v2\/comments?post=1885"}],"version-history":[{"count":2,"href":"https:\/\/www.robertonovaes.com.br\/index.php\/wp-json\/wp\/v2\/posts\/1885\/revisions"}],"predecessor-version":[{"id":1889,"href":"https:\/\/www.robertonovaes.com.br\/index.php\/wp-json\/wp\/v2\/posts\/1885\/revisions\/1889"}],"wp:featuredmedia":[{"embeddable":true,"href":"https:\/\/www.robertonovaes.com.br\/index.php\/wp-json\/wp\/v2\/media\/1878"}],"wp:attachment":[{"href":"https:\/\/www.robertonovaes.com.br\/index.php\/wp-json\/wp\/v2\/media?parent=1885"}],"wp:term":[{"taxonomy":"category","embeddable":true,"href":"https:\/\/www.robertonovaes.com.br\/index.php\/wp-json\/wp\/v2\/categories?post=1885"},{"taxonomy":"post_tag","embeddable":true,"href":"https:\/\/www.robertonovaes.com.br\/index.php\/wp-json\/wp\/v2\/tags?post=1885"}],"curies":[{"name":"wp","href":"https:\/\/api.w.org\/{rel}","templated":true}]}}